{"id":70927,"date":"2017-03-30T09:00:05","date_gmt":"2017-03-30T16:00:05","guid":{"rendered":"https:\/\/securingtomorrow.mcafee.com\/?p=70927"},"modified":"2025-07-29T07:19:28","modified_gmt":"2025-07-29T14:19:28","slug":"rgpd-la-motivation-dont-nous-avions-besoin","status":"publish","type":"post","link":"https:\/\/www.mcafee.com\/blogs\/fr-fr\/privacy-identity-protection\/rgpd-la-motivation-dont-nous-avions-besoin\/","title":{"rendered":"RGPD : la motivation dont nous avions besoin ?"},"content":{"rendered":"<p>Je pense qu&#8217;il est temps d&#8217;adopter une position plus optimiste et raisonn\u00e9e sur le r\u00e8glement g\u00e9n\u00e9ral sur la protection des donn\u00e9es (RGPD) \u00e0 l&#8217;approche de son entr\u00e9e en vigueur. Lorsque cette nouvelle r\u00e9glementation sera mise en \u0153uvre en mai\u00a02018, elle supplantera de facto l&#8217;embrouillamini de r\u00e8gles locales obsol\u00e8tes qui se sont multipli\u00e9es depuis la directive sur la protection de donn\u00e9es de\u00a01995. Le RGPD les remplacera par un mandat unique et uniforme, qui renforce les droits des citoyens de l&#8217;UE sur leurs donn\u00e9es et clarifie les obligations en mati\u00e8re de confidentialit\u00e9 et de s\u00e9curit\u00e9 des organisations qui conservent et traitent des informations \u00e0 caract\u00e8re personnel.<\/p>\n<h2>Cons\u00e9quences du RGPD<\/h2>\n<p>Jusqu&#8217;\u00e0 pr\u00e9sent, le secteur a accueilli le RGPD avec \u00e9norm\u00e9ment de pessimisme et une bonne dose d&#8217;anxi\u00e9t\u00e9. Il s&#8217;est focalis\u00e9 sur les obligations de conformit\u00e9 plus strictes impos\u00e9es aux entreprises assurant le traitement des donn\u00e9es et sur les sanctions nettement plus s\u00e9v\u00e8res qui en sont le corollaire en cas de non-respect. Cette attitude frileuse est compr\u00e9hensible au vu de la port\u00e9e et de l&#8217;impact de cette nouvelle r\u00e9glementation. Le RGPD aura diverses cons\u00e9quences\u00a0:<\/p>\n<ul>\n<li>Il \u00e9tend les droits des citoyens de l&#8217;Union europ\u00e9enne d&#8217;acc\u00e9der \u00e0 leurs donn\u00e9es \u00e0 caract\u00e8re personnel et de les rectifier ou de les effacer, m\u00eame si le traitement des donn\u00e9es n&#8217;a pas lieu dans un \u00c9tat membre de l&#8217;Union europ\u00e9enne.<\/li>\n<li>Il oblige les responsables du traitement des donn\u00e9es et les sous-traitants \u00e0 appliquer les mesures techniques et organisationnelles appropri\u00e9es pour s\u00e9curiser toutes les donn\u00e9es \u00e0 caract\u00e8re personnel.<\/li>\n<li>Il limite et d\u00e9finit les circonstances particuli\u00e8res dans lesquelles les donn\u00e9es \u00e0 caract\u00e8re personnel peuvent \u00eatre collect\u00e9es et utilis\u00e9es, avec notamment des exigences plus strictes pour d\u00e9montrer le consentement et permettre son retrait.<\/li>\n<li>Il oblige les responsables du traitement des donn\u00e9es et les sous-traitants \u00e0 inclure des protections de la confidentialit\u00e9 d\u00e8s la conception et par d\u00e9faut dans leurs produits et op\u00e9rations m\u00e9tier.<\/li>\n<li>Il fait porter aux entreprises la responsabilit\u00e9 de d\u00e9montrer que les garanties appropri\u00e9es de protection de la vie priv\u00e9e sont en place pour assurer le respect des exigences r\u00e9glementaires.<\/li>\n<li>Il exige une notification dans les meilleurs d\u00e9lais des violations de donn\u00e9es aux responsables pertinents et aux autorit\u00e9s de contr\u00f4le.<\/li>\n<li>Il pr\u00e9voit des amendes pour toute violation du r\u00e8glement, pour des montants allant jusqu&#8217;\u00e0 20\u00a0millions\u00a0EUR ou 4\u00a0% du chiffre d&#8217;affaires annuel mondial total de l&#8217;exercice pr\u00e9c\u00e9dent, le montant le plus \u00e9lev\u00e9 \u00e9tant retenu.<\/li>\n<\/ul>\n<p>&nbsp;<\/p>\n<p>Cela dit entre nous, d&#8217;un sp\u00e9cialiste en cybers\u00e9curit\u00e9 \u00e0 un autre, je vous pose la question\u00a0: ces obligations ne sont-elles pas parfaitement en accord avec les bonnes pratiques auxquelles nous sommes tenus\u00a0? Nos objectifs ne sont-ils pas les m\u00eames\u00a0? N&#8217;avons-nous pas pour mission de s\u00e9curiser les informations que nous utilisons et de prot\u00e9ger les droits et la vie priv\u00e9e des individus\u00a0? Tous, nous nous faisons un sang d&#8217;encre \u00e0 la perspective d&#8217;une violation de donn\u00e9es grave et de son impact sur la r\u00e9putation et les r\u00e9sultats financiers de notre entreprise. Ne mettons-nous pas d&#8217;ores et d\u00e9j\u00e0 tout en \u0153uvre pour prot\u00e9ger notre entreprise, notre employeur, nos coll\u00e8gues et nos clients\u00a0?<\/p>\n<p>Qu&#8217;est-ce qui nous freine\u00a0? Pourquoi \u00e9chouons-nous parfois dans cette mission\u00a0? Les causes sont multiples\u00a0: un manque de ressources, une absence de soutien de la part de la direction, une strat\u00e9gie d&#8217;entreprise dont les investissements se concentrent presque exclusivement sur les r\u00e9sultats financiers, la rentabilit\u00e9 ou le b\u00e9n\u00e9fice par action, la s\u00e9curit\u00e9 des informations \u00e9tant rel\u00e9gu\u00e9e au rang de pr\u00e9occupation secondaire.<\/p>\n<p>Le RGPD pourrait bien se r\u00e9v\u00e9ler providentiel, l&#8217;\u00e9l\u00e9ment d\u00e9clencheur gr\u00e2ce auquel nos dirigeants nous accorderont toute leur attention. Il d\u00e9limite pour nous des priorit\u00e9s en mati\u00e8re de s\u00e9curit\u00e9 et de confidentialit\u00e9 qu&#8217;il est facile de comparer \u00e0 nos propres listes de besoins et de vuln\u00e9rabilit\u00e9s. Il nous donne un calendrier de r\u00e9f\u00e9rence \u00e0 partir duquel nous pouvons mesurer les progr\u00e8s accomplis. Il constitue en outre une \u00e9p\u00e9e de Damocl\u00e8s qu&#8217;aucun directeur financier ne peut ignorer. En quelque sorte, il nous fournit \u00e0 la fois la carotte et le b\u00e2ton pour accro\u00eetre la dotation en personnel ou le budget aux niveaux que nous avons toujours souhait\u00e9s.<\/p>\n<p>Inutile donc de broyer du noir. Le RGPD est une v\u00e9ritable opportunit\u00e9\u00a0: saisissons-la.<\/p>\n","protected":false},"excerpt":{"rendered":"<p>Je pense qu&#8217;il est temps d&#8217;adopter une position plus optimiste et raisonn\u00e9e sur le r\u00e8glement g\u00e9n\u00e9ral sur la protection des&#8230;<\/p>\n","protected":false},"author":881,"featured_media":155993,"comment_status":"closed","ping_status":"closed","sticky":false,"template":"","format":"standard","meta":{"_acf_changed":false,"footnotes":""},"categories":[12001],"tags":[],"coauthors":[4857],"class_list":["post-70927","post","type-post","status-publish","format-standard","has-post-thumbnail","hentry","category-privacy-identity-protection"],"acf":[],"yoast_head":"<!-- This site is optimized with the Yoast SEO plugin v25.4 - https:\/\/yoast.com\/wordpress\/plugins\/seo\/ -->\n<title>RGPD : la motivation dont nous avions besoin ? | Blog McAfee<\/title>\n<meta name=\"description\" content=\"Je pense qu&#039;il est temps d&#039;adopter une position plus optimiste et raisonn\u00e9e sur le r\u00e8glement g\u00e9n\u00e9ral sur la protection des donn\u00e9es (RGPD) \u00e0 l&#039;approche de\" \/>\n<meta name=\"robots\" content=\"index, follow, max-snippet:-1, max-image-preview:large, max-video-preview:-1\" \/>\n<meta property=\"og:locale\" content=\"fr_FR\" \/>\n<meta property=\"og:type\" content=\"article\" \/>\n<meta property=\"og:title\" content=\"RGPD : la motivation dont nous avions besoin ? | Blog McAfee\" \/>\n<meta property=\"og:description\" content=\"Je pense qu&#039;il est temps d&#039;adopter une position plus optimiste et raisonn\u00e9e sur le r\u00e8glement g\u00e9n\u00e9ral sur la protection des donn\u00e9es (RGPD) \u00e0 l&#039;approche de\" \/>\n<meta property=\"og:url\" content=\"https:\/\/www.mcafee.com\/blogs\/fr-fr\/privacy-identity-protection\/rgpd-la-motivation-dont-nous-avions-besoin\/\" \/>\n<meta property=\"og:site_name\" content=\"Blog McAfee\" \/>\n<meta property=\"article:publisher\" content=\"https:\/\/www.facebook.com\/McAfee\/\" \/>\n<meta property=\"article:published_time\" content=\"2017-03-30T16:00:05+00:00\" \/>\n<meta property=\"article:modified_time\" content=\"2025-07-29T14:19:28+00:00\" \/>\n<meta name=\"author\" content=\"Dave Messett\" \/>\n<meta name=\"twitter:card\" content=\"summary_large_image\" \/>\n<meta name=\"twitter:creator\" content=\"@DaveMessett\" \/>\n<meta name=\"twitter:site\" content=\"@McAfee\" \/>\n<meta name=\"twitter:label1\" content=\"Written by\" \/>\n\t<meta name=\"twitter:data1\" content=\"Dave Messett\" \/>\n\t<meta name=\"twitter:label2\" content=\"Est. reading time\" \/>\n\t<meta name=\"twitter:data2\" content=\"4 minutes\" \/>\n<script type=\"application\/ld+json\" class=\"yoast-schema-graph\">{\"@context\":\"https:\/\/schema.org\",\"@graph\":[{\"@type\":\"Article\",\"@id\":\"https:\/\/www.mcafee.com\/blogs\/fr-fr\/privacy-identity-protection\/rgpd-la-motivation-dont-nous-avions-besoin\/#article\",\"isPartOf\":{\"@id\":\"https:\/\/www.mcafee.com\/blogs\/fr-fr\/privacy-identity-protection\/rgpd-la-motivation-dont-nous-avions-besoin\/\"},\"author\":{\"name\":\"Dave Messett\",\"@id\":\"https:\/\/www.mcafee.com\/blogs\/fr-fr\/#\/schema\/person\/70ecbc8dfd8dd59a2d5fe92797af81e1\"},\"headline\":\"RGPD : la motivation dont nous avions besoin ?\",\"datePublished\":\"2017-03-30T16:00:05+00:00\",\"dateModified\":\"2025-07-29T14:19:28+00:00\",\"mainEntityOfPage\":{\"@id\":\"https:\/\/www.mcafee.com\/blogs\/fr-fr\/privacy-identity-protection\/rgpd-la-motivation-dont-nous-avions-besoin\/\"},\"wordCount\":802,\"publisher\":{\"@id\":\"https:\/\/www.mcafee.com\/blogs\/fr-fr\/#organization\"},\"image\":{\"@id\":\"https:\/\/www.mcafee.com\/blogs\/fr-fr\/privacy-identity-protection\/rgpd-la-motivation-dont-nous-avions-besoin\/#primaryimage\"},\"thumbnailUrl\":\"https:\/\/www.mcafee.com\/blogs\/wp-content\/uploads\/2021\/04\/614x300_Blog_Password2.png\",\"articleSection\":[\"Protection de l'identit\u00e9 et de la confidentialit\u00e9\"],\"inLanguage\":\"fr-FR\"},{\"@type\":\"WebPage\",\"@id\":\"https:\/\/www.mcafee.com\/blogs\/fr-fr\/privacy-identity-protection\/rgpd-la-motivation-dont-nous-avions-besoin\/\",\"url\":\"https:\/\/www.mcafee.com\/blogs\/fr-fr\/privacy-identity-protection\/rgpd-la-motivation-dont-nous-avions-besoin\/\",\"name\":\"RGPD : la motivation dont nous avions besoin ? | Blog McAfee\",\"isPartOf\":{\"@id\":\"https:\/\/www.mcafee.com\/blogs\/fr-fr\/#website\"},\"primaryImageOfPage\":{\"@id\":\"https:\/\/www.mcafee.com\/blogs\/fr-fr\/privacy-identity-protection\/rgpd-la-motivation-dont-nous-avions-besoin\/#primaryimage\"},\"image\":{\"@id\":\"https:\/\/www.mcafee.com\/blogs\/fr-fr\/privacy-identity-protection\/rgpd-la-motivation-dont-nous-avions-besoin\/#primaryimage\"},\"thumbnailUrl\":\"https:\/\/www.mcafee.com\/blogs\/wp-content\/uploads\/2021\/04\/614x300_Blog_Password2.png\",\"datePublished\":\"2017-03-30T16:00:05+00:00\",\"dateModified\":\"2025-07-29T14:19:28+00:00\",\"description\":\"Je pense qu'il est temps d'adopter une position plus optimiste et raisonn\u00e9e sur le r\u00e8glement g\u00e9n\u00e9ral sur la protection des donn\u00e9es (RGPD) \u00e0 l'approche de\",\"breadcrumb\":{\"@id\":\"https:\/\/www.mcafee.com\/blogs\/fr-fr\/privacy-identity-protection\/rgpd-la-motivation-dont-nous-avions-besoin\/#breadcrumb\"},\"inLanguage\":\"fr-FR\",\"potentialAction\":[{\"@type\":\"ReadAction\",\"target\":[\"https:\/\/www.mcafee.com\/blogs\/fr-fr\/privacy-identity-protection\/rgpd-la-motivation-dont-nous-avions-besoin\/\"]}]},{\"@type\":\"ImageObject\",\"inLanguage\":\"fr-FR\",\"@id\":\"https:\/\/www.mcafee.com\/blogs\/fr-fr\/privacy-identity-protection\/rgpd-la-motivation-dont-nous-avions-besoin\/#primaryimage\",\"url\":\"https:\/\/www.mcafee.com\/blogs\/wp-content\/uploads\/2021\/04\/614x300_Blog_Password2.png\",\"contentUrl\":\"https:\/\/www.mcafee.com\/blogs\/wp-content\/uploads\/2021\/04\/614x300_Blog_Password2.png\",\"width\":614,\"height\":300,\"caption\":\"password manager on laptop\"},{\"@type\":\"BreadcrumbList\",\"@id\":\"https:\/\/www.mcafee.com\/blogs\/fr-fr\/privacy-identity-protection\/rgpd-la-motivation-dont-nous-avions-besoin\/#breadcrumb\",\"itemListElement\":[{\"@type\":\"ListItem\",\"position\":1,\"name\":\"Blog\",\"item\":\"https:\/\/www.mcafee.com\/blogs\/fr-fr\/\"},{\"@type\":\"ListItem\",\"position\":2,\"name\":\"Protection de l'identit\u00e9 et de la confidentialit\u00e9\",\"item\":\"https:\/\/www.mcafee.com\/blogs\/fr-fr\/privacy-identity-protection\/\"},{\"@type\":\"ListItem\",\"position\":3,\"name\":\"RGPD : la motivation dont nous avions besoin ?\"}]},{\"@type\":\"WebSite\",\"@id\":\"https:\/\/www.mcafee.com\/blogs\/fr-fr\/#website\",\"url\":\"https:\/\/www.mcafee.com\/blogs\/fr-fr\/\",\"name\":\"Blog McAfee\",\"description\":\"Actualit\u00e9s concernant la s\u00e9curit\u00e9 Internet\",\"publisher\":{\"@id\":\"https:\/\/www.mcafee.com\/blogs\/fr-fr\/#organization\"},\"potentialAction\":[{\"@type\":\"SearchAction\",\"target\":{\"@type\":\"EntryPoint\",\"urlTemplate\":\"https:\/\/www.mcafee.com\/blogs\/fr-fr\/?s={search_term_string}\"},\"query-input\":{\"@type\":\"PropertyValueSpecification\",\"valueRequired\":true,\"valueName\":\"search_term_string\"}}],\"inLanguage\":\"fr-FR\"},{\"@type\":\"Organization\",\"@id\":\"https:\/\/www.mcafee.com\/blogs\/fr-fr\/#organization\",\"name\":\"McAfee\",\"url\":\"https:\/\/www.mcafee.com\/blogs\/fr-fr\/\",\"logo\":{\"@type\":\"ImageObject\",\"inLanguage\":\"fr-FR\",\"@id\":\"https:\/\/www.mcafee.com\/blogs\/fr-fr\/#\/schema\/logo\/image\/\",\"url\":\"https:\/\/www.mcafee.com\/blogs\/wp-content\/uploads\/2023\/02\/mcafee-logo.png\",\"contentUrl\":\"https:\/\/www.mcafee.com\/blogs\/wp-content\/uploads\/2023\/02\/mcafee-logo.png\",\"width\":1286,\"height\":336,\"caption\":\"McAfee\"},\"image\":{\"@id\":\"https:\/\/www.mcafee.com\/blogs\/fr-fr\/#\/schema\/logo\/image\/\"},\"sameAs\":[\"https:\/\/www.facebook.com\/McAfee\/\",\"https:\/\/x.com\/McAfee\",\"https:\/\/www.linkedin.com\/company\/mcafee\/\",\"https:\/\/www.youtube.com\/McAfee\"]},{\"@type\":\"Person\",\"@id\":\"https:\/\/www.mcafee.com\/blogs\/fr-fr\/#\/schema\/person\/70ecbc8dfd8dd59a2d5fe92797af81e1\",\"name\":\"Dave Messett\",\"image\":{\"@type\":\"ImageObject\",\"inLanguage\":\"fr-FR\",\"@id\":\"https:\/\/www.mcafee.com\/blogs\/fr-fr\/#\/schema\/person\/image\/88f2aae09e8edd2d3c88ddd66533e16c\",\"url\":\"https:\/\/www.mcafee.com\/blogs\/wp-content\/uploads\/Dave-Messett-96x96.jpg\",\"contentUrl\":\"https:\/\/www.mcafee.com\/blogs\/wp-content\/uploads\/Dave-Messett-96x96.jpg\",\"caption\":\"Dave Messett\"},\"description\":\"Dave is Head of Product and Solutions Marketing, EMEA at McAfee. A seasoned IT professional with over 20 years of experience across technical and marketing positions he is highly sought after for his insights on the world of cybersecurity and the measures companies can take to defeat the bad guys. He works with analysts, partners and other thought leaders to ensure that McAfee\u2019s broad portfolio of security technologies are widely understood and that customers are able to make better informed decisions about the security of their data and infrastructure. When Dave is not putting the world to rights about cybersecurity he enjoys reading, many sports and spending time with his young family.\",\"sameAs\":[\"https:\/\/www.linkedin.com\/in\/dave-messett-51a24617\/\",\"https:\/\/x.com\/DaveMessett\"],\"url\":\"https:\/\/www.mcafee.com\/blogs\/fr-fr\/author\/dave-messett\/\"}]}<\/script>\n<!-- \/ Yoast SEO plugin. -->","yoast_head_json":{"title":"RGPD : la motivation dont nous avions besoin ? | Blog McAfee","description":"Je pense qu'il est temps d'adopter une position plus optimiste et raisonn\u00e9e sur le r\u00e8glement g\u00e9n\u00e9ral sur la protection des donn\u00e9es (RGPD) \u00e0 l'approche de","robots":{"index":"index","follow":"follow","max-snippet":"max-snippet:-1","max-image-preview":"max-image-preview:large","max-video-preview":"max-video-preview:-1"},"og_locale":"fr_FR","og_type":"article","og_title":"RGPD : la motivation dont nous avions besoin ? | Blog McAfee","og_description":"Je pense qu'il est temps d'adopter une position plus optimiste et raisonn\u00e9e sur le r\u00e8glement g\u00e9n\u00e9ral sur la protection des donn\u00e9es (RGPD) \u00e0 l'approche de","og_url":"https:\/\/www.mcafee.com\/blogs\/fr-fr\/privacy-identity-protection\/rgpd-la-motivation-dont-nous-avions-besoin\/","og_site_name":"Blog McAfee","article_publisher":"https:\/\/www.facebook.com\/McAfee\/","article_published_time":"2017-03-30T16:00:05+00:00","article_modified_time":"2025-07-29T14:19:28+00:00","author":"Dave Messett","twitter_card":"summary_large_image","twitter_creator":"@DaveMessett","twitter_site":"@McAfee","twitter_misc":{"Written by":"Dave Messett","Est. reading time":"4 minutes"},"schema":{"@context":"https:\/\/schema.org","@graph":[{"@type":"Article","@id":"https:\/\/www.mcafee.com\/blogs\/fr-fr\/privacy-identity-protection\/rgpd-la-motivation-dont-nous-avions-besoin\/#article","isPartOf":{"@id":"https:\/\/www.mcafee.com\/blogs\/fr-fr\/privacy-identity-protection\/rgpd-la-motivation-dont-nous-avions-besoin\/"},"author":{"name":"Dave Messett","@id":"https:\/\/www.mcafee.com\/blogs\/fr-fr\/#\/schema\/person\/70ecbc8dfd8dd59a2d5fe92797af81e1"},"headline":"RGPD : la motivation dont nous avions besoin ?","datePublished":"2017-03-30T16:00:05+00:00","dateModified":"2025-07-29T14:19:28+00:00","mainEntityOfPage":{"@id":"https:\/\/www.mcafee.com\/blogs\/fr-fr\/privacy-identity-protection\/rgpd-la-motivation-dont-nous-avions-besoin\/"},"wordCount":802,"publisher":{"@id":"https:\/\/www.mcafee.com\/blogs\/fr-fr\/#organization"},"image":{"@id":"https:\/\/www.mcafee.com\/blogs\/fr-fr\/privacy-identity-protection\/rgpd-la-motivation-dont-nous-avions-besoin\/#primaryimage"},"thumbnailUrl":"https:\/\/www.mcafee.com\/blogs\/wp-content\/uploads\/2021\/04\/614x300_Blog_Password2.png","articleSection":["Protection de l'identit\u00e9 et de la confidentialit\u00e9"],"inLanguage":"fr-FR"},{"@type":"WebPage","@id":"https:\/\/www.mcafee.com\/blogs\/fr-fr\/privacy-identity-protection\/rgpd-la-motivation-dont-nous-avions-besoin\/","url":"https:\/\/www.mcafee.com\/blogs\/fr-fr\/privacy-identity-protection\/rgpd-la-motivation-dont-nous-avions-besoin\/","name":"RGPD : la motivation dont nous avions besoin ? | Blog McAfee","isPartOf":{"@id":"https:\/\/www.mcafee.com\/blogs\/fr-fr\/#website"},"primaryImageOfPage":{"@id":"https:\/\/www.mcafee.com\/blogs\/fr-fr\/privacy-identity-protection\/rgpd-la-motivation-dont-nous-avions-besoin\/#primaryimage"},"image":{"@id":"https:\/\/www.mcafee.com\/blogs\/fr-fr\/privacy-identity-protection\/rgpd-la-motivation-dont-nous-avions-besoin\/#primaryimage"},"thumbnailUrl":"https:\/\/www.mcafee.com\/blogs\/wp-content\/uploads\/2021\/04\/614x300_Blog_Password2.png","datePublished":"2017-03-30T16:00:05+00:00","dateModified":"2025-07-29T14:19:28+00:00","description":"Je pense qu'il est temps d'adopter une position plus optimiste et raisonn\u00e9e sur le r\u00e8glement g\u00e9n\u00e9ral sur la protection des donn\u00e9es (RGPD) \u00e0 l'approche de","breadcrumb":{"@id":"https:\/\/www.mcafee.com\/blogs\/fr-fr\/privacy-identity-protection\/rgpd-la-motivation-dont-nous-avions-besoin\/#breadcrumb"},"inLanguage":"fr-FR","potentialAction":[{"@type":"ReadAction","target":["https:\/\/www.mcafee.com\/blogs\/fr-fr\/privacy-identity-protection\/rgpd-la-motivation-dont-nous-avions-besoin\/"]}]},{"@type":"ImageObject","inLanguage":"fr-FR","@id":"https:\/\/www.mcafee.com\/blogs\/fr-fr\/privacy-identity-protection\/rgpd-la-motivation-dont-nous-avions-besoin\/#primaryimage","url":"https:\/\/www.mcafee.com\/blogs\/wp-content\/uploads\/2021\/04\/614x300_Blog_Password2.png","contentUrl":"https:\/\/www.mcafee.com\/blogs\/wp-content\/uploads\/2021\/04\/614x300_Blog_Password2.png","width":614,"height":300,"caption":"password manager on laptop"},{"@type":"BreadcrumbList","@id":"https:\/\/www.mcafee.com\/blogs\/fr-fr\/privacy-identity-protection\/rgpd-la-motivation-dont-nous-avions-besoin\/#breadcrumb","itemListElement":[{"@type":"ListItem","position":1,"name":"Blog","item":"https:\/\/www.mcafee.com\/blogs\/fr-fr\/"},{"@type":"ListItem","position":2,"name":"Protection de l'identit\u00e9 et de la confidentialit\u00e9","item":"https:\/\/www.mcafee.com\/blogs\/fr-fr\/privacy-identity-protection\/"},{"@type":"ListItem","position":3,"name":"RGPD : la motivation dont nous avions besoin ?"}]},{"@type":"WebSite","@id":"https:\/\/www.mcafee.com\/blogs\/fr-fr\/#website","url":"https:\/\/www.mcafee.com\/blogs\/fr-fr\/","name":"Blog McAfee","description":"Actualit\u00e9s concernant la s\u00e9curit\u00e9 Internet","publisher":{"@id":"https:\/\/www.mcafee.com\/blogs\/fr-fr\/#organization"},"potentialAction":[{"@type":"SearchAction","target":{"@type":"EntryPoint","urlTemplate":"https:\/\/www.mcafee.com\/blogs\/fr-fr\/?s={search_term_string}"},"query-input":{"@type":"PropertyValueSpecification","valueRequired":true,"valueName":"search_term_string"}}],"inLanguage":"fr-FR"},{"@type":"Organization","@id":"https:\/\/www.mcafee.com\/blogs\/fr-fr\/#organization","name":"McAfee","url":"https:\/\/www.mcafee.com\/blogs\/fr-fr\/","logo":{"@type":"ImageObject","inLanguage":"fr-FR","@id":"https:\/\/www.mcafee.com\/blogs\/fr-fr\/#\/schema\/logo\/image\/","url":"https:\/\/www.mcafee.com\/blogs\/wp-content\/uploads\/2023\/02\/mcafee-logo.png","contentUrl":"https:\/\/www.mcafee.com\/blogs\/wp-content\/uploads\/2023\/02\/mcafee-logo.png","width":1286,"height":336,"caption":"McAfee"},"image":{"@id":"https:\/\/www.mcafee.com\/blogs\/fr-fr\/#\/schema\/logo\/image\/"},"sameAs":["https:\/\/www.facebook.com\/McAfee\/","https:\/\/x.com\/McAfee","https:\/\/www.linkedin.com\/company\/mcafee\/","https:\/\/www.youtube.com\/McAfee"]},{"@type":"Person","@id":"https:\/\/www.mcafee.com\/blogs\/fr-fr\/#\/schema\/person\/70ecbc8dfd8dd59a2d5fe92797af81e1","name":"Dave Messett","image":{"@type":"ImageObject","inLanguage":"fr-FR","@id":"https:\/\/www.mcafee.com\/blogs\/fr-fr\/#\/schema\/person\/image\/88f2aae09e8edd2d3c88ddd66533e16c","url":"https:\/\/www.mcafee.com\/blogs\/wp-content\/uploads\/Dave-Messett-96x96.jpg","contentUrl":"https:\/\/www.mcafee.com\/blogs\/wp-content\/uploads\/Dave-Messett-96x96.jpg","caption":"Dave Messett"},"description":"Dave is Head of Product and Solutions Marketing, EMEA at McAfee. A seasoned IT professional with over 20 years of experience across technical and marketing positions he is highly sought after for his insights on the world of cybersecurity and the measures companies can take to defeat the bad guys. He works with analysts, partners and other thought leaders to ensure that McAfee\u2019s broad portfolio of security technologies are widely understood and that customers are able to make better informed decisions about the security of their data and infrastructure. When Dave is not putting the world to rights about cybersecurity he enjoys reading, many sports and spending time with his young family.","sameAs":["https:\/\/www.linkedin.com\/in\/dave-messett-51a24617\/","https:\/\/x.com\/DaveMessett"],"url":"https:\/\/www.mcafee.com\/blogs\/fr-fr\/author\/dave-messett\/"}]}},"_links":{"self":[{"href":"https:\/\/www.mcafee.com\/blogs\/fr-fr\/wp-json\/wp\/v2\/posts\/70927","targetHints":{"allow":["GET"]}}],"collection":[{"href":"https:\/\/www.mcafee.com\/blogs\/fr-fr\/wp-json\/wp\/v2\/posts"}],"about":[{"href":"https:\/\/www.mcafee.com\/blogs\/fr-fr\/wp-json\/wp\/v2\/types\/post"}],"author":[{"embeddable":true,"href":"https:\/\/www.mcafee.com\/blogs\/fr-fr\/wp-json\/wp\/v2\/users\/881"}],"replies":[{"embeddable":true,"href":"https:\/\/www.mcafee.com\/blogs\/fr-fr\/wp-json\/wp\/v2\/comments?post=70927"}],"version-history":[{"count":1,"href":"https:\/\/www.mcafee.com\/blogs\/fr-fr\/wp-json\/wp\/v2\/posts\/70927\/revisions"}],"predecessor-version":[{"id":213417,"href":"https:\/\/www.mcafee.com\/blogs\/fr-fr\/wp-json\/wp\/v2\/posts\/70927\/revisions\/213417"}],"wp:featuredmedia":[{"embeddable":true,"href":"https:\/\/www.mcafee.com\/blogs\/fr-fr\/wp-json\/wp\/v2\/media\/155993"}],"wp:attachment":[{"href":"https:\/\/www.mcafee.com\/blogs\/fr-fr\/wp-json\/wp\/v2\/media?parent=70927"}],"wp:term":[{"taxonomy":"category","embeddable":true,"href":"https:\/\/www.mcafee.com\/blogs\/fr-fr\/wp-json\/wp\/v2\/categories?post=70927"},{"taxonomy":"post_tag","embeddable":true,"href":"https:\/\/www.mcafee.com\/blogs\/fr-fr\/wp-json\/wp\/v2\/tags?post=70927"},{"taxonomy":"author","embeddable":true,"href":"https:\/\/www.mcafee.com\/blogs\/fr-fr\/wp-json\/wp\/v2\/coauthors?post=70927"}],"curies":[{"name":"wp","href":"https:\/\/api.w.org\/{rel}","templated":true}]}}